{"id":825,"date":"2023-04-29T11:12:30","date_gmt":"2023-04-29T09:12:30","guid":{"rendered":"https:\/\/lafermepacifique.fr\/?p=825"},"modified":"2023-04-29T11:12:31","modified_gmt":"2023-04-29T09:12:31","slug":"je-veux-un-alpaga","status":"publish","type":"post","link":"https:\/\/lafermepacifique.fr\/index.php\/2023\/04\/29\/je-veux-un-alpaga\/","title":{"rendered":"Je veux un alpaga !"},"content":{"rendered":"\n<p>Les alpagas sont \u00e0 la mode, on en voit de plus en plus un peu partout en France.<\/p>\n\n\n\n<p>Malheureusement si on devient propri\u00e9taire sans \u00eatre pr\u00e9par\u00e9 le r\u00eave peut tourner en cauchemar&nbsp;! Alors comment anticiper les erreurs et \u00e9viter que les petites peluches se transforment en dragons&nbsp;?<\/p>\n\n\n\n<p>Ce probl\u00e8me grave, s\u2019appelle \u00ab&nbsp;l\u2019impr\u00e9gnation des cam\u00e9lides&nbsp;\u00bb et c\u2019est un ph\u00e9nom\u00e8ne qui touche de plus en plus de nouveaux propri\u00e9taires.<\/p>\n\n\n\n<p>Pour le bien-\u00eatre des animaux et pour eux-m\u00eames tous les futurs acqu\u00e9reurs devraient obligatoirement suivre une petite formation avant de s\u2019engager&nbsp;!<\/p>\n\n\n\n<p><em>La Ferme Pacifique Camargue<\/em> propose des journ\u00e9es d\u2019initiation sur demande avec ou sans nuit\u00e9e sur place. Nous contacter pour plus d\u2019informations. (contact@lafermepacifique.fr)<\/p>\n\n\n\n<p>Vous pouvez \u00e9galement vous renseigner aupr\u00e8s de AFLA (Association Fran\u00e7aise Lamas et Alpagas).<\/p>\n","protected":false},"excerpt":{"rendered":"<p>Les alpagas sont \u00e0 la mode, on en voit de plus en plus un peu partout en France. Malheureusement si on devient propri\u00e9taire sans \u00eatre pr\u00e9par\u00e9 le r\u00eave peut tourner en cauchemar&nbsp;! Alors comment anticiper les erreurs et \u00e9viter que les petites peluches se transforment en dragons&nbsp;? Ce probl\u00e8me grave, s\u2019appelle \u00ab&nbsp;l\u2019impr\u00e9gnation des cam\u00e9lides&nbsp;\u00bb et c\u2019est un ph\u00e9nom\u00e8ne qui touche &hellip; <\/p>\n","protected":false},"author":1,"featured_media":0,"comment_status":"open","ping_status":"open","sticky":false,"template":"","format":"standard","meta":{"footnotes":""},"categories":[1],"tags":[],"class_list":["post-825","post","type-post","status-publish","format-standard","hentry","category-actualites"],"_links":{"self":[{"href":"https:\/\/lafermepacifique.fr\/index.php\/wp-json\/wp\/v2\/posts\/825","targetHints":{"allow":["GET"]}}],"collection":[{"href":"https:\/\/lafermepacifique.fr\/index.php\/wp-json\/wp\/v2\/posts"}],"about":[{"href":"https:\/\/lafermepacifique.fr\/index.php\/wp-json\/wp\/v2\/types\/post"}],"author":[{"embeddable":true,"href":"https:\/\/lafermepacifique.fr\/index.php\/wp-json\/wp\/v2\/users\/1"}],"replies":[{"embeddable":true,"href":"https:\/\/lafermepacifique.fr\/index.php\/wp-json\/wp\/v2\/comments?post=825"}],"version-history":[{"count":1,"href":"https:\/\/lafermepacifique.fr\/index.php\/wp-json\/wp\/v2\/posts\/825\/revisions"}],"predecessor-version":[{"id":826,"href":"https:\/\/lafermepacifique.fr\/index.php\/wp-json\/wp\/v2\/posts\/825\/revisions\/826"}],"wp:attachment":[{"href":"https:\/\/lafermepacifique.fr\/index.php\/wp-json\/wp\/v2\/media?parent=825"}],"wp:term":[{"taxonomy":"category","embeddable":true,"href":"https:\/\/lafermepacifique.fr\/index.php\/wp-json\/wp\/v2\/categories?post=825"},{"taxonomy":"post_tag","embeddable":true,"href":"https:\/\/lafermepacifique.fr\/index.php\/wp-json\/wp\/v2\/tags?post=825"}],"curies":[{"name":"wp","href":"https:\/\/api.w.org\/{rel}","templated":true}]}}