{"id":745,"date":"2022-12-10T10:59:41","date_gmt":"2022-12-10T09:59:41","guid":{"rendered":"https:\/\/lafermepacifique.fr\/?p=745"},"modified":"2024-11-14T10:00:23","modified_gmt":"2024-11-14T09:00:23","slug":"reservez-une-visite-des-alpagas-de-therapie","status":"publish","type":"post","link":"https:\/\/lafermepacifique.fr\/index.php\/2022\/12\/10\/reservez-une-visite-des-alpagas-de-therapie\/","title":{"rendered":"R\u00e9servez une visite des alpagas de th\u00e9rapie"},"content":{"rendered":"\n<p>Les visites dans les Ehpad sont toujours un succ\u00e8s. Tous les r\u00e9sidents peuvent profiter car les alpagas entrent dans l&#8217;ascenseur et peuvent \u00eatre emmen\u00e9s partout dans l&#8217;\u00e9tablissement, m\u00eame dans les chambres.<\/p>\n\n\n\n<figure class=\"wp-block-image size-large\"><img loading=\"lazy\" decoding=\"async\" width=\"1024\" height=\"768\" src=\"https:\/\/lafermepacifique.fr\/wp-content\/uploads\/2022\/12\/Darlings-I-K-DSCN0380-1024x768.jpg\" alt=\"\" class=\"wp-image-746\" srcset=\"https:\/\/lafermepacifique.fr\/wp-content\/uploads\/2022\/12\/Darlings-I-K-DSCN0380-1024x768.jpg 1024w, https:\/\/lafermepacifique.fr\/wp-content\/uploads\/2022\/12\/Darlings-I-K-DSCN0380-300x225.jpg 300w, https:\/\/lafermepacifique.fr\/wp-content\/uploads\/2022\/12\/Darlings-I-K-DSCN0380-768x576.jpg 768w, https:\/\/lafermepacifique.fr\/wp-content\/uploads\/2022\/12\/Darlings-I-K-DSCN0380-1536x1152.jpg 1536w, https:\/\/lafermepacifique.fr\/wp-content\/uploads\/2022\/12\/Darlings-I-K-DSCN0380-2048x1536.jpg 2048w, https:\/\/lafermepacifique.fr\/wp-content\/uploads\/2022\/12\/Darlings-I-K-DSCN0380-80x60.jpg 80w\" sizes=\"auto, (max-width: 1024px) 100vw, 1024px\" \/><\/figure>\n","protected":false},"excerpt":{"rendered":"<p>Les visites dans les Ehpad sont toujours un succ\u00e8s. Tous les r\u00e9sidents peuvent profiter car les alpagas entrent dans l&#8217;ascenseur et peuvent \u00eatre emmen\u00e9s partout dans l&#8217;\u00e9tablissement, m\u00eame dans les chambres.<\/p>\n","protected":false},"author":1,"featured_media":0,"comment_status":"open","ping_status":"open","sticky":false,"template":"","format":"standard","meta":{"footnotes":""},"categories":[1],"tags":[],"class_list":["post-745","post","type-post","status-publish","format-standard","hentry","category-actualites"],"_links":{"self":[{"href":"https:\/\/lafermepacifique.fr\/index.php\/wp-json\/wp\/v2\/posts\/745","targetHints":{"allow":["GET"]}}],"collection":[{"href":"https:\/\/lafermepacifique.fr\/index.php\/wp-json\/wp\/v2\/posts"}],"about":[{"href":"https:\/\/lafermepacifique.fr\/index.php\/wp-json\/wp\/v2\/types\/post"}],"author":[{"embeddable":true,"href":"https:\/\/lafermepacifique.fr\/index.php\/wp-json\/wp\/v2\/users\/1"}],"replies":[{"embeddable":true,"href":"https:\/\/lafermepacifique.fr\/index.php\/wp-json\/wp\/v2\/comments?post=745"}],"version-history":[{"count":2,"href":"https:\/\/lafermepacifique.fr\/index.php\/wp-json\/wp\/v2\/posts\/745\/revisions"}],"predecessor-version":[{"id":876,"href":"https:\/\/lafermepacifique.fr\/index.php\/wp-json\/wp\/v2\/posts\/745\/revisions\/876"}],"wp:attachment":[{"href":"https:\/\/lafermepacifique.fr\/index.php\/wp-json\/wp\/v2\/media?parent=745"}],"wp:term":[{"taxonomy":"category","embeddable":true,"href":"https:\/\/lafermepacifique.fr\/index.php\/wp-json\/wp\/v2\/categories?post=745"},{"taxonomy":"post_tag","embeddable":true,"href":"https:\/\/lafermepacifique.fr\/index.php\/wp-json\/wp\/v2\/tags?post=745"}],"curies":[{"name":"wp","href":"https:\/\/api.w.org\/{rel}","templated":true}]}}