{"id":1001,"date":"2026-08-30T17:24:56","date_gmt":"2026-08-30T15:24:56","guid":{"rendered":"https:\/\/lafermepacifique.fr\/?p=1001"},"modified":"2026-08-30T17:24:57","modified_gmt":"2026-08-30T15:24:57","slug":"a-vendre-petite-ferme-dalpagas","status":"publish","type":"post","link":"https:\/\/lafermepacifique.fr\/index.php\/2026\/08\/30\/a-vendre-petite-ferme-dalpagas\/","title":{"rendered":"A vendre : Petite Ferme d&#8217;Alpagas"},"content":{"rendered":"\n<p>Une opportunit\u00e9 rare pour les amoureux des animaux et les porteurs de projets !<\/p>\n\n\n\n<p>Nous proposons \u00e0 la vente une <strong>petite ferme actuellement exploit\u00e9e comme ferme th\u00e9rapeutique<\/strong>, comprenant <strong>7 alpagas et 2 lamas<\/strong>, dans un environnement privil\u00e9gi\u00e9 du sud de la France.<\/p>\n\n\n\n<p>Id\u00e9alement situ\u00e9e <strong>entre Montpellier, N\u00eemes et Arles, \u00e0 proximit\u00e9 de la mer M\u00e9diterran\u00e9e<\/strong>, la propri\u00e9t\u00e9 b\u00e9n\u00e9ficie d&#8217;une excellente localisation, facilement accessible et offrant un fort potentiel de d\u00e9veloppement.<\/p>\n\n\n\n<p><strong>\ud83c\udf3f<\/strong><strong> Une activit\u00e9 d\u00e9j\u00e0 en place<\/strong><\/p>\n\n\n\n<p>La ferme fonctionne actuellement autour d&#8217;un projet de <strong>m\u00e9diation et d&#8217;accompagnement th\u00e9rapeutique avec les animaux<\/strong>. Les alpagas et les lamas apportent une pr\u00e9sence douce et apaisante, particuli\u00e8rement adapt\u00e9e aux activit\u00e9s de bien-\u00eatre, d&#8217;accompagnement et de d\u00e9couverte animale.<\/p>\n\n\n\n<p><strong>\u2728<\/strong><strong> De nombreuses possibilit\u00e9s<\/strong><\/p>\n\n\n\n<p>Cette propri\u00e9t\u00e9 peut parfaitement convenir \u00e0 diff\u00e9rents projets, notamment :<\/p>\n\n\n\n<ul class=\"wp-block-list\">\n<li>\ud83e\udd99 Ferme p\u00e9dagogique ou de d\u00e9couverte<\/li>\n\n\n\n<li>\ud83d\udc9a M\u00e9diation animale et activit\u00e9s th\u00e9rapeutiques<\/li>\n\n\n\n<li>\ud83c\udf3f Projet de bien-\u00eatre ou de d\u00e9veloppement personnel<\/li>\n\n\n\n<li>\ud83c\udfe1 \u00c9cotourisme ou h\u00e9bergements insolites<\/li>\n\n\n\n<li>\ud83d\udcf8 \u00c9v\u00e9nementiel et s\u00e9ances photo<\/li>\n\n\n\n<li>\ud83d\udc3e \u00c9levage ou activit\u00e9 autour des alpagas et des lamas<\/li>\n\n\n\n<li>Ou tout autre projet professionnel ou personnel en lien avec la nature et les animaux<\/li>\n<\/ul>\n\n\n\n<p><strong>\u2600\ufe0f<\/strong><strong> Une situation g\u00e9ographique exceptionnelle<\/strong><\/p>\n\n\n\n<p>Situ\u00e9e dans une r\u00e9gion particuli\u00e8rement attractive, la ferme profite de la proximit\u00e9 :<\/p>\n\n\n\n<ul class=\"wp-block-list\">\n<li>de <strong>Montpellier<\/strong><\/li>\n\n\n\n<li>de <strong>N\u00eemes<\/strong><\/li>\n\n\n\n<li>d\u2019<strong>Arles<\/strong><\/li>\n\n\n\n<li>de la <strong>Camargue<\/strong><\/li>\n\n\n\n<li>et de la <strong>mer M\u00e9diterran\u00e9e<\/strong><\/li>\n<\/ul>\n\n\n\n<p>Un emplacement id\u00e9al, combinant <strong>qualit\u00e9 de vie, attractivit\u00e9 touristique et accessibilit\u00e9<\/strong>.<\/p>\n\n\n\n<p><strong>\ud83e\udd99<\/strong><strong> Une belle opportunit\u00e9 cl\u00e9 en main<\/strong><\/p>\n\n\n\n<p>Avec ses <strong>7 alpagas et ses 2 lamas<\/strong>, cette petite ferme repr\u00e9sente une occasion unique de reprendre une activit\u00e9 existante ou de d\u00e9velopper un nouveau projet dans un cadre naturel privil\u00e9gi\u00e9.<\/p>\n\n\n\n<p><strong>Une propri\u00e9t\u00e9 pleine de charme et de potentiel, \u00e0 d\u00e9couvrir pour imaginer votre futur projet !<\/strong><\/p>\n\n\n\n<p>\ud83d\udce9 <strong>Informations compl\u00e9mentaires et dossier complet sur demande&nbsp;: boellebriau@gmail.com<\/strong><\/p>\n","protected":false},"excerpt":{"rendered":"<p>Une opportunit\u00e9 rare pour les amoureux des animaux et les porteurs de projets ! Nous proposons \u00e0 la vente une petite ferme actuellement exploit\u00e9e comme ferme th\u00e9rapeutique, comprenant 7 alpagas et 2 lamas, dans un environnement privil\u00e9gi\u00e9 du sud de la France. Id\u00e9alement situ\u00e9e entre Montpellier, N\u00eemes et Arles, \u00e0 proximit\u00e9 de la mer M\u00e9diterran\u00e9e, la propri\u00e9t\u00e9 b\u00e9n\u00e9ficie d&#8217;une excellente &hellip; <\/p>\n","protected":false},"author":1,"featured_media":0,"comment_status":"open","ping_status":"open","sticky":false,"template":"","format":"standard","meta":{"footnotes":""},"categories":[1],"tags":[],"class_list":["post-1001","post","type-post","status-publish","format-standard","hentry","category-actualites"],"_links":{"self":[{"href":"https:\/\/lafermepacifique.fr\/index.php\/wp-json\/wp\/v2\/posts\/1001","targetHints":{"allow":["GET"]}}],"collection":[{"href":"https:\/\/lafermepacifique.fr\/index.php\/wp-json\/wp\/v2\/posts"}],"about":[{"href":"https:\/\/lafermepacifique.fr\/index.php\/wp-json\/wp\/v2\/types\/post"}],"author":[{"embeddable":true,"href":"https:\/\/lafermepacifique.fr\/index.php\/wp-json\/wp\/v2\/users\/1"}],"replies":[{"embeddable":true,"href":"https:\/\/lafermepacifique.fr\/index.php\/wp-json\/wp\/v2\/comments?post=1001"}],"version-history":[{"count":1,"href":"https:\/\/lafermepacifique.fr\/index.php\/wp-json\/wp\/v2\/posts\/1001\/revisions"}],"predecessor-version":[{"id":1002,"href":"https:\/\/lafermepacifique.fr\/index.php\/wp-json\/wp\/v2\/posts\/1001\/revisions\/1002"}],"wp:attachment":[{"href":"https:\/\/lafermepacifique.fr\/index.php\/wp-json\/wp\/v2\/media?parent=1001"}],"wp:term":[{"taxonomy":"category","embeddable":true,"href":"https:\/\/lafermepacifique.fr\/index.php\/wp-json\/wp\/v2\/categories?post=1001"},{"taxonomy":"post_tag","embeddable":true,"href":"https:\/\/lafermepacifique.fr\/index.php\/wp-json\/wp\/v2\/tags?post=1001"}],"curies":[{"name":"wp","href":"https:\/\/api.w.org\/{rel}","templated":true}]}}